{"id":1466,"date":"2017-01-16T20:20:53","date_gmt":"2017-01-16T19:20:53","guid":{"rendered":"http:\/\/www.lempdes-bmx.com\/DN_1\/?p=1466"},"modified":"2017-01-16T20:23:50","modified_gmt":"2017-01-16T19:23:50","slug":"indoor-de-tours","status":"publish","type":"post","link":"http:\/\/www.lempdes-bmx.com\/DN_1\/?p=1466","title":{"rendered":"Indoor de Tours"},"content":{"rendered":"<p>L\u2019Indoor international de Tours \u00e9tait ce week-end l\u2019occasion pour notre \u00e9quipe de DN1 de prendre ses marques en ce d\u00e9but de saison 2017, et elle l\u2019a fait\u00a0 de la plus belle mani\u00e8re qu\u2019il soit.<\/p>\n<p>Le staff peut \u00eatre rassur\u00e9; son Top 5 a \u00e9t\u00e9 au rendez-vous !<\/p>\n<p>Tout d\u2019abord samedi soir \u00e0 l\u2019Open avec un premier doubl\u00e9\u00a0: victoire de J\u00e9r\u00e9my Rencurel et deuxi\u00e8me place pour Tristan Tournebize.<\/p>\n<p>Notre nouvelle recrue, Romain Mahieu, chute dans le premier virage alors qu\u2019il \u00e9tait \u00e0 la bagarre en t\u00eate de course.<\/p>\n<p><a href=\"http:\/\/www.lempdes-bmx.com\/DN_1\/?attachment_id=1470\" rel=\"attachment wp-att-1470\"><img decoding=\"async\" loading=\"lazy\" class=\"alignleft wp-image-1470\" src=\"http:\/\/www.lempdes-bmx.com\/DN_1\/wp-content\/uploads\/2017\/01\/DSC01301-300x225.jpg\" alt=\"\" width=\"295\" height=\"222\" srcset=\"http:\/\/www.lempdes-bmx.com\/DN_1\/wp-content\/uploads\/2017\/01\/DSC01301-300x225.jpg 300w, http:\/\/www.lempdes-bmx.com\/DN_1\/wp-content\/uploads\/2017\/01\/DSC01301-768x576.jpg 768w, http:\/\/www.lempdes-bmx.com\/DN_1\/wp-content\/uploads\/2017\/01\/DSC01301-1024x768.jpg 1024w\" sizes=\"(max-width: 295px) 100vw, 295px\" \/><\/a><\/p>\n<p>&nbsp;<\/p>\n<p>&nbsp;<\/p>\n<p>&nbsp;<\/p>\n<p>&nbsp;<\/p>\n<p>&nbsp;<\/p>\n<p>&nbsp;<\/p>\n<p>Chez les femmes, Axelle \u00c9tienne a tenu son rang en terminant \u00e0 la deuxi\u00e8me place, dans la roue de la championne olympique en titre, la Colombienne Mariana Pajon.<\/p>\n<p>Marine Lacoste prend quant \u00e0 elle une tr\u00e8s belle cinqui\u00e8me place dans cette m\u00eame finale, malgr\u00e9 un accrochage.<\/p>\n<p><a href=\"http:\/\/www.lempdes-bmx.com\/DN_1\/?attachment_id=1469\" rel=\"attachment wp-att-1469\"><img decoding=\"async\" loading=\"lazy\" class=\"alignleft wp-image-1469\" src=\"http:\/\/www.lempdes-bmx.com\/DN_1\/wp-content\/uploads\/2017\/01\/DSC01282-300x225.jpg\" alt=\"\" width=\"285\" height=\"214\" srcset=\"http:\/\/www.lempdes-bmx.com\/DN_1\/wp-content\/uploads\/2017\/01\/DSC01282-300x225.jpg 300w, http:\/\/www.lempdes-bmx.com\/DN_1\/wp-content\/uploads\/2017\/01\/DSC01282-768x576.jpg 768w, http:\/\/www.lempdes-bmx.com\/DN_1\/wp-content\/uploads\/2017\/01\/DSC01282-1024x768.jpg 1024w\" sizes=\"(max-width: 285px) 100vw, 285px\" \/><\/a><\/p>\n<p>&nbsp;<\/p>\n<p>&nbsp;<\/p>\n<p>&nbsp;<\/p>\n<p>&nbsp;<\/p>\n<p>&nbsp;<\/p>\n<p>&nbsp;<\/p>\n<p><a href=\"http:\/\/www.lempdes-bmx.com\/DN_1\/?attachment_id=1468\" rel=\"attachment wp-att-1468\"><img decoding=\"async\" loading=\"lazy\" class=\"alignleft wp-image-1468\" src=\"http:\/\/www.lempdes-bmx.com\/DN_1\/wp-content\/uploads\/2017\/01\/DSC01305-300x225.jpg\" alt=\"\" width=\"285\" height=\"214\" srcset=\"http:\/\/www.lempdes-bmx.com\/DN_1\/wp-content\/uploads\/2017\/01\/DSC01305-300x225.jpg 300w, http:\/\/www.lempdes-bmx.com\/DN_1\/wp-content\/uploads\/2017\/01\/DSC01305-768x576.jpg 768w, http:\/\/www.lempdes-bmx.com\/DN_1\/wp-content\/uploads\/2017\/01\/DSC01305-1024x768.jpg 1024w\" sizes=\"(max-width: 285px) 100vw, 285px\" \/><\/a><\/p>\n<p>&nbsp;<\/p>\n<p>&nbsp;<\/p>\n<p>&nbsp;<\/p>\n<p>&nbsp;<\/p>\n<p>&nbsp;<\/p>\n<p>&nbsp;<\/p>\n<p>Dimanche, lors de l\u2019\u00e9preuve de l\u2019indoor, deuxi\u00e8me doubl\u00e9 pour le Lempdes BMX\u00a0 Auvergne\u00a0 avec cette fois-ci la victoire de Romain Mahieu qui prend sa revanche de la veille, et la deuxi\u00e8me place de J\u00e9r\u00e9my Rencurel. Axelle \u00c9tienne pour sa part prendra la quatri\u00e8me place de sa finale en \u00e9lite Women. Tristan Tournebize, Marine Lacoste et Benjamin Gal (Junior) s&rsquo;arr\u00eatent tous 3 aux portes de la finale en terminant 5\u00e8me en demi-finale. Melvin Seer a montr\u00e9 de belles choses \u00e9galement. Romain Racine, Lo\u00efc Garaud ont jou\u00e9 de malchance et Fabien Gourc prend doucement ses marques.<\/p>\n<p><a href=\"http:\/\/www.lempdes-bmx.com\/DN_1\/?attachment_id=1467\" rel=\"attachment wp-att-1467\"><img decoding=\"async\" loading=\"lazy\" class=\"alignleft wp-image-1467\" src=\"http:\/\/www.lempdes-bmx.com\/DN_1\/wp-content\/uploads\/2017\/01\/FAB6309-960x430-300x134.jpg\" alt=\"\" width=\"403\" height=\"180\" srcset=\"http:\/\/www.lempdes-bmx.com\/DN_1\/wp-content\/uploads\/2017\/01\/FAB6309-960x430-300x134.jpg 300w, http:\/\/www.lempdes-bmx.com\/DN_1\/wp-content\/uploads\/2017\/01\/FAB6309-960x430-768x344.jpg 768w, http:\/\/www.lempdes-bmx.com\/DN_1\/wp-content\/uploads\/2017\/01\/FAB6309-960x430.jpg 960w\" sizes=\"(max-width: 403px) 100vw, 403px\" \/><\/a><\/p>\n<p>&nbsp;<\/p>\n<p>&nbsp;<\/p>\n<p>&nbsp;<\/p>\n<p>&nbsp;<\/p>\n<p>&nbsp;<\/p>\n<p>Prochain rendez-vous \u00e0 l\u2019indoor international de Caen les 25 et 26 f\u00e9vrier pour une partie des pilotes seulement. J\u00e9r\u00e9my et Romain seront pour leur part aux USA pour disputer plusieurs \u00e9preuves de prestige. Souhaitons leur la m\u00eame r\u00e9ussite que pour les derni\u00e8res comp\u00e9titions&#8230;<\/p>\n","protected":false},"excerpt":{"rendered":"<p>L\u2019Indoor international de Tours \u00e9tait ce week-end l\u2019occasion pour notre \u00e9quipe de DN1 de prendre ses marques en ce d\u00e9but de saison 2017, et elle l\u2019a fait\u00a0 de la plus belle mani\u00e8re qu\u2019il soit. Le staff peut \u00eatre rassur\u00e9; son Top 5 a \u00e9t\u00e9 au rendez-vous ! Tout d\u2019abord samedi soir \u00e0 l\u2019Open avec un [&hellip;]<\/p>\n","protected":false},"author":1,"featured_media":0,"comment_status":"open","ping_status":"closed","sticky":false,"template":"","format":"standard","meta":[],"categories":[1],"tags":[],"_links":{"self":[{"href":"http:\/\/www.lempdes-bmx.com\/DN_1\/index.php?rest_route=\/wp\/v2\/posts\/1466"}],"collection":[{"href":"http:\/\/www.lempdes-bmx.com\/DN_1\/index.php?rest_route=\/wp\/v2\/posts"}],"about":[{"href":"http:\/\/www.lempdes-bmx.com\/DN_1\/index.php?rest_route=\/wp\/v2\/types\/post"}],"author":[{"embeddable":true,"href":"http:\/\/www.lempdes-bmx.com\/DN_1\/index.php?rest_route=\/wp\/v2\/users\/1"}],"replies":[{"embeddable":true,"href":"http:\/\/www.lempdes-bmx.com\/DN_1\/index.php?rest_route=%2Fwp%2Fv2%2Fcomments&post=1466"}],"version-history":[{"count":5,"href":"http:\/\/www.lempdes-bmx.com\/DN_1\/index.php?rest_route=\/wp\/v2\/posts\/1466\/revisions"}],"predecessor-version":[{"id":1475,"href":"http:\/\/www.lempdes-bmx.com\/DN_1\/index.php?rest_route=\/wp\/v2\/posts\/1466\/revisions\/1475"}],"wp:attachment":[{"href":"http:\/\/www.lempdes-bmx.com\/DN_1\/index.php?rest_route=%2Fwp%2Fv2%2Fmedia&parent=1466"}],"wp:term":[{"taxonomy":"category","embeddable":true,"href":"http:\/\/www.lempdes-bmx.com\/DN_1\/index.php?rest_route=%2Fwp%2Fv2%2Fcategories&post=1466"},{"taxonomy":"post_tag","embeddable":true,"href":"http:\/\/www.lempdes-bmx.com\/DN_1\/index.php?rest_route=%2Fwp%2Fv2%2Ftags&post=1466"}],"curies":[{"name":"wp","href":"https:\/\/api.w.org\/{rel}","templated":true}]}}