{"id":1494,"date":"2017-03-21T13:46:40","date_gmt":"2017-03-21T12:46:40","guid":{"rendered":"http:\/\/www.lempdes-bmx.com\/DN_1\/?p=1494"},"modified":"2017-03-21T13:56:27","modified_gmt":"2017-03-21T12:56:27","slug":"coupe-de-france-a-sarrians-depart-sur-les-chapeaux-de-roues","status":"publish","type":"post","link":"http:\/\/www.lempdes-bmx.com\/DN_1\/?p=1494","title":{"rendered":"Coupe de France \u00e0 Sarrians : D\u00e9part sur les chapeaux de roues"},"content":{"rendered":"<p>La saison 2017 d\u00e9butait ce week-end \u00e0 Sarrians (84) avec les 2 premi\u00e8res manches de la Coupe de France.<\/p>\n<p>Le samedi, dans des conditions climatiques correctes, les pilotes du Lempdes BMX Auvergne raflent 3 des 6 places de podium en \u00e9lite.<\/p>\n<p>En l\u2019absence d\u2019Axelle ETIENNE, bless\u00e9e dans la semaine \u00e0 l\u2019entrainement au P\u00f4le France, c\u2019est Marine LACOSTE qui ouvre le bal en prenant\u00a0 une superbe 3<sup>\u00e8me<\/sup> place derri\u00e8re la double Championne olympique, la colombienne Mariana PAJON.<\/p>\n<p><a href=\"http:\/\/www.lempdes-bmx.com\/DN_1\/?attachment_id=1495\" rel=\"attachment wp-att-1495\"><img decoding=\"async\" loading=\"lazy\" class=\"alignleft wp-image-1495\" src=\"http:\/\/www.lempdes-bmx.com\/DN_1\/wp-content\/uploads\/2017\/03\/MARINE-300x199.jpg\" alt=\"\" width=\"344\" height=\"228\" srcset=\"http:\/\/www.lempdes-bmx.com\/DN_1\/wp-content\/uploads\/2017\/03\/MARINE-300x199.jpg 300w, http:\/\/www.lempdes-bmx.com\/DN_1\/wp-content\/uploads\/2017\/03\/MARINE-768x510.jpg 768w, http:\/\/www.lempdes-bmx.com\/DN_1\/wp-content\/uploads\/2017\/03\/MARINE.jpg 960w\" sizes=\"(max-width: 344px) 100vw, 344px\" \/><\/a><\/p>\n<p>&nbsp;<\/p>\n<p>&nbsp;<\/p>\n<p>&nbsp;<\/p>\n<p>&nbsp;<\/p>\n<p>&nbsp;<\/p>\n<p>&nbsp;<\/p>\n<p>Chez les hommes, c\u2019est un doubl\u00e9 lempdais avec la victoire de Romain MAHIEU devant J\u00e9r\u00e9my RENCUREL.<\/p>\n<p><a href=\"http:\/\/www.lempdes-bmx.com\/DN_1\/?attachment_id=1505\" rel=\"attachment wp-att-1505\"><img decoding=\"async\" loading=\"lazy\" class=\"alignleft wp-image-1505\" src=\"http:\/\/www.lempdes-bmx.com\/DN_1\/wp-content\/uploads\/2017\/03\/HOMMES-2-300x200.jpg\" alt=\"\" width=\"351\" height=\"234\" srcset=\"http:\/\/www.lempdes-bmx.com\/DN_1\/wp-content\/uploads\/2017\/03\/HOMMES-2-300x200.jpg 300w, http:\/\/www.lempdes-bmx.com\/DN_1\/wp-content\/uploads\/2017\/03\/HOMMES-2-768x511.jpg 768w, http:\/\/www.lempdes-bmx.com\/DN_1\/wp-content\/uploads\/2017\/03\/HOMMES-2-1024x681.jpg 1024w, http:\/\/www.lempdes-bmx.com\/DN_1\/wp-content\/uploads\/2017\/03\/HOMMES-2.jpg 2000w\" sizes=\"(max-width: 351px) 100vw, 351px\" \/><\/a><\/p>\n<p>&nbsp;<\/p>\n<p>&nbsp;<\/p>\n<p>&nbsp;<\/p>\n<p>&nbsp;<\/p>\n<p>&nbsp;<\/p>\n<p>&nbsp;<\/p>\n<p>Au terme de cette 1<sup>\u00e8re<\/sup> journ\u00e9e, le Lempdes BMX Auvergne prenait naturellement la 1<sup>\u00e8re<\/sup> place au classement g\u00e9n\u00e9ral du Championnat de France de DN1.<\/p>\n<p>Et apr\u00e8s une bonne r\u00e9cup\u00e9ration gr\u00e2ce \u00e0 leurs BLUETENS et leurs chaussettes SIX2, les pilotes \u00e9taient pr\u00eats pour affronter la comp\u00e9tition du dimanche.<\/p>\n<p><a href=\"http:\/\/www.lempdes-bmx.com\/DN_1\/?attachment_id=1499\" rel=\"attachment wp-att-1499\"><img decoding=\"async\" loading=\"lazy\" class=\"alignleft wp-image-1499\" src=\"http:\/\/www.lempdes-bmx.com\/DN_1\/wp-content\/uploads\/2017\/03\/IMG_5648-e1490100321199-225x300.jpg\" alt=\"\" width=\"220\" height=\"294\" srcset=\"http:\/\/www.lempdes-bmx.com\/DN_1\/wp-content\/uploads\/2017\/03\/IMG_5648-e1490100321199-225x300.jpg 225w, http:\/\/www.lempdes-bmx.com\/DN_1\/wp-content\/uploads\/2017\/03\/IMG_5648-e1490100321199-768x1024.jpg 768w\" sizes=\"(max-width: 220px) 100vw, 220px\" \/><\/a><\/p>\n<p>&nbsp;<\/p>\n<p>&nbsp;<\/p>\n<p>&nbsp;<\/p>\n<p>&nbsp;<\/p>\n<p>&nbsp;<\/p>\n<p>&nbsp;<\/p>\n<p>&nbsp;<\/p>\n<p>&nbsp;<\/p>\n<p>Mais, des conditions de vent dantesques, qui ont d\u2019ailleurs valu un d\u00e9bat passionn\u00e9 quant \u00e0 l\u2019annulation possible de cette manche, souhait\u00e9e par la plupart des coachs de DN, ont perturb\u00e9 la comp\u00e9tition.<\/p>\n<p>Nos pilotes ont malgr\u00e9 tout fait le choix de rouler , mais en restant \u00ab\u00a0tr\u00e8s en dedans\u00a0\u00bb\u00a0 afin de ne prendre aucun risque\u00a0 inutile de blessure et ne pas rejoindre Axelle \u00e0 l\u2019infirmerie du club.<\/p>\n<p>Au terme de ces deux premi\u00e8res manches, notre \u00e9quipe occupe malgr\u00e9 tout la 2<sup>\u00e8me<\/sup> place au classement provisoire du Championnat de France de DN1.<\/p>\n<p>Par contre, nul doute qu\u2019ils auront tous \u00e0 c\u0153ur de montrer \u00e0 nouveau tr\u00e8s vite qu\u2019ils ont la capacit\u00e9 de reprendre la place de leader de ce Championnat , d\u00e8s les 3<sup>\u00e8me<\/sup> et 4<sup>\u00e8me<\/sup> manche de Coupe de France qui se d\u00e9rouleront les 15 et 16 avril \u00e0 Besan\u00e7on.<\/p>\n","protected":false},"excerpt":{"rendered":"<p>La saison 2017 d\u00e9butait ce week-end \u00e0 Sarrians (84) avec les 2 premi\u00e8res manches de la Coupe de France. Le samedi, dans des conditions climatiques correctes, les pilotes du Lempdes BMX Auvergne raflent 3 des 6 places de podium en \u00e9lite. En l\u2019absence d\u2019Axelle ETIENNE, bless\u00e9e dans la semaine \u00e0 l\u2019entrainement au P\u00f4le France, c\u2019est [&hellip;]<\/p>\n","protected":false},"author":1,"featured_media":0,"comment_status":"open","ping_status":"closed","sticky":false,"template":"","format":"standard","meta":[],"categories":[1],"tags":[],"_links":{"self":[{"href":"http:\/\/www.lempdes-bmx.com\/DN_1\/index.php?rest_route=\/wp\/v2\/posts\/1494"}],"collection":[{"href":"http:\/\/www.lempdes-bmx.com\/DN_1\/index.php?rest_route=\/wp\/v2\/posts"}],"about":[{"href":"http:\/\/www.lempdes-bmx.com\/DN_1\/index.php?rest_route=\/wp\/v2\/types\/post"}],"author":[{"embeddable":true,"href":"http:\/\/www.lempdes-bmx.com\/DN_1\/index.php?rest_route=\/wp\/v2\/users\/1"}],"replies":[{"embeddable":true,"href":"http:\/\/www.lempdes-bmx.com\/DN_1\/index.php?rest_route=%2Fwp%2Fv2%2Fcomments&post=1494"}],"version-history":[{"count":7,"href":"http:\/\/www.lempdes-bmx.com\/DN_1\/index.php?rest_route=\/wp\/v2\/posts\/1494\/revisions"}],"predecessor-version":[{"id":1509,"href":"http:\/\/www.lempdes-bmx.com\/DN_1\/index.php?rest_route=\/wp\/v2\/posts\/1494\/revisions\/1509"}],"wp:attachment":[{"href":"http:\/\/www.lempdes-bmx.com\/DN_1\/index.php?rest_route=%2Fwp%2Fv2%2Fmedia&parent=1494"}],"wp:term":[{"taxonomy":"category","embeddable":true,"href":"http:\/\/www.lempdes-bmx.com\/DN_1\/index.php?rest_route=%2Fwp%2Fv2%2Fcategories&post=1494"},{"taxonomy":"post_tag","embeddable":true,"href":"http:\/\/www.lempdes-bmx.com\/DN_1\/index.php?rest_route=%2Fwp%2Fv2%2Ftags&post=1494"}],"curies":[{"name":"wp","href":"https:\/\/api.w.org\/{rel}","templated":true}]}}