{"id":1825,"date":"2019-03-25T17:12:17","date_gmt":"2019-03-25T16:12:17","guid":{"rendered":"http:\/\/www.lempdes-bmx.com\/DN_1\/?p=1825"},"modified":"2019-03-25T17:15:32","modified_gmt":"2019-03-25T16:15:32","slug":"1825","status":"publish","type":"post","link":"http:\/\/www.lempdes-bmx.com\/DN_1\/?p=1825","title":{"rendered":"D\u00e9but du Championnat de France \u00e0 Tr\u00e9gueux"},"content":{"rendered":"<div><\/div>\n<div>\n<h3><img decoding=\"async\" loading=\"lazy\" class=\"iv3-image alignleft\" src=\"https:\/\/www.lamontagne.fr\/photoSRC\/Gw--\/bmx-lempdes-bmx-auvergne_4258248.jpeg\" width=\"368\" height=\"246\" \/><\/h3>\n<\/div>\n<div><\/div>\n<div><\/div>\n<div class=\"c-soustitre\">L&rsquo;\u00e9quipe de DN1 du Lempdes BMX Auvergne se d\u00e9place \u00e0 Tr\u00e9gueux en Bretagne, ce week-end (23 et 24 mars), avec l&rsquo;objectif de s&rsquo;installer en t\u00eate de la Coupe de France, afin de ramener une deuxi\u00e8me fois le pr\u00e9cieux troph\u00e9e \u00e0 Lempdes, apr\u00e8s son titre en 2017.<\/div>\n<div class=\"p402_premium\">\n<div class=\"texte entry-content\">\n<p>En Bretagne, ces samedi 23 et dimanche 24 mars,<a href=\"https:\/\/www.lamontagne.fr\/lempdes-63370\/sports\/martinez-lempdes-la-plus-belle-equipe-de-france_13500746\/\">\u00a0le\u00a0Lempdes BMX Auvergne<\/a>\u00a0va s&rsquo;attacher \u00e0 prendre un bon d\u00e9part en Coupe de France.<\/p>\n<p><em>\u00ab Ce sera important de bien d\u00e9buter. Parce que ce sera un capital confiance qu\u2019on va commencer \u00e0 engranger et puis on montrera\u00a0aux autres qu\u2019on est bien pr\u00e9sent et qu\u2019on a la ferme envie d\u2019aller chercher \u00e0 nouveau le titre. \u00bb<\/em><\/p>\n<p>Avant la premi\u00e8re \u00e9preuve de DN1, Jo\u00ebl Martinez fixe le cap. C&rsquo;est maintenant \u00e0 ses pilotes de le suivre pour acc\u00e9der \u00e0 la plus haute marche du podium. Le LBA n&rsquo;aspire qu&rsquo;au titre de champion de France des clubs, \u00e0 la fin de la saison. Responsable de la DN1 lempdaise, Jo\u00ebl Martinez fait le d\u00e9placement \u00e0 Tr\u00e9gueux, au plus pr\u00e8s du terrain.<\/p>\n<p><strong>Le LBA a clairement\u00a0affich\u00e9 sa volont\u00e9 de ramener \u00e0 Lempdes une 2<sup>e<\/sup>\u00a0fois le titre de champion de France, en DN1&#8230;<\/strong><\/p>\n<p>On en a tr\u00e8s envie, les pilotes aussi<em>\u00a0(Lempdes a gagn\u00e9 la Coupe de France DN1 en 2017 et a fini 2e l&rsquo;an pass\u00e9, ndlr).<\/em>\u00a0Je leur ai rappel\u00e9, mais je n\u2019avais pas besoin de le faire\u00a0; car tout le monde adh\u00e8re au club. En plus, l&rsquo;an prochain, le\u00a0championnat de France, qui cl\u00f4ture la\u00a0saison DN1, aura lieu\u00a0\u00e0 la maison<em>\u00a0(Lempdes l&rsquo;accueillera en juillet 2020, ndlr)<\/em>. On aimerait donc \u00eatre le champion en titre au moment de cette \u00e9preuve et pourquoi pas le conserver \u00e0 Lempdes, ce qui serait vraiment fabuleux.<\/p>\n<p>\u00ab C&rsquo;est assez exceptionnel qu&rsquo;on soit quasi au complet \u00bb<span class=\"c-legende\">Romain Mayet est l&rsquo;un deux pilotes recrut\u00e9 par le LBA cette ann\u00e9e dans l&rsquo;objectif de remporter\u00a0l<\/span><span class=\"c-legende\">e titre\u00a0<\/span>de champion de France des clubs de DN1.<\/p>\n<h3><img decoding=\"async\" loading=\"lazy\" class=\"iv3-image alignleft\" src=\"https:\/\/www.lamontagne.fr\/photoSRC\/Gw--\/bmx-lempdes-bmx-auvergne_4258250.jpeg\" width=\"355\" height=\"236\" \/><\/h3>\n<p><strong>Le club disposera-t-il de tout\u00a0son effectif pour cette ouverture de la DN1 ?<\/strong><\/p>\n<p>L\u2019\u00e9quipe est compos\u00e9e de dix\u00a0pilotes et elle sera quasiment au\u00a0complet pour ces deux premi\u00e8res manches \u00e0 Tr\u00e9gueux. C\u2019est assez exceptionnel. Soit parce qu\u2019on a eu dans le pass\u00e9 de multiples blessures, soit parce que nos meilleurs\u00a0pilotes sont pris par des obligations, notamment internationales.<\/p>\n<p><strong>Qui ne roulera pas ce week-end en Bretagne ?<\/strong><\/p>\n<div class=\"detailArticlePub p402_hide\">\n<div class=\"bloc responsive_publicite_position pub sansFilet\">\n<div class=\"advertise-box publicite_position\">\n<div class=\"advertise pub-inner\">\n<div id=\"div-gpt--732377866-article\" class=\"gpt_empty\" data-google-query-id=\"CPvigtrWneECFRDV1Qod-FUCfw\">\n<div id=\"google_ads_iframe_\/31755961\/GCF_lamontagne.fr\/sports\/cyclisme\/article_0__container__\">Seulement Marion Torres.\u00a0Elle est en r\u00e9\u00e9ducation apr\u00e8s une op\u00e9ration \u00e0\u00a0l&rsquo;\u00e9paule. Cela\u00a0va prendre encore plusieurs mois avant qu\u2019elle puisse revenir. Elle a pour objectif de reprendre la comp\u00e9tition\u00a0lors de\u00a0la derni\u00e8re \u00e9preuve de Coupe de France, juste avant le championnat de France.<\/div>\n<\/div>\n<\/div>\n<\/div>\n<\/div>\n<\/div>\n<h3>\u00ab On aura un choix de riche \u00e0 faire, tant mieux pour nous \u00bb<\/h3>\n<p><strong>Il n&rsquo;y a que cinq pilotes qui peuvent marquer des points pour l&rsquo;\u00e9quipe. Le choix sera-t-il difficile ?<\/strong><\/p>\n<p>Notre coach (Lorin Martinez) fera la\u00a0s\u00e9lection\u00a0juste \u00e0 la fin des essais, avant le d\u00e9but des \u00e9preuves officielles, sur chacune des deux \u00e9preuves du week-end. On aura une difficult\u00e9 de riche, tant mieux pour nous. Mais le choix se fera tout de m\u00eame naturellement.<\/p>\n<p><strong>Le LBA esp\u00e9re-t-il\u00a0des victoires en individuel\u00a0?\u00a0<\/strong><\/p>\n<p>Oui, de la part de Romain Mahieu, le champion de France en titre\u2026 Il revient d\u2019un s\u00e9jour aux \u00c9tats-Unis, o\u00f9 il \u00e9tait d\u2019ailleurs avec (<em>ses co\u00e9quipiers<\/em>) J\u00e9r\u00e9my Rencurel et Thomas Jouve. Ils ont fait de belles perfs. Romain va vouloir tout de suite montrer qu&rsquo;il\u00a0m\u00e9rite son titre et qu\u2019il a tr\u00e8s envie de le conserver en juillet. On compte aussi sur\u00a0<a href=\"https:\/\/www.lamontagne.fr\/lempdes-63370\/sports\/bmx-rencurel-deuxieme-a-phoenix_13500837\/\">J\u00e9r\u00e9my Rencurel<\/a>\u00a0qui a fait deux podiums dans le championnat nord-am\u00e9ricain. Il est revenu des \u00c9tats-Unis avec un capital confiance\u00a0\u00e9norme. Et puis, il y a Romain Mayet qui est pr\u00e8s proche. Tous les trois, ils se tiennent dans un mouchoir de poche&#8230;<\/p>\n<h3>Axelle Etienne est en train de revenir \u00e0 100%<span class=\"c-legende\">Axelle Etienne retrouve la DN1 apr\u00e8s une saison 2018 quasi blanche.<\/span><\/h3>\n<p><strong>Pour Axelle Etienne, ce sera la grande reprise en DN1, avec Lempdes&#8230;<\/strong><\/p>\n<p>Elle n\u2019a quasiment pas couru en DN1 l\u2019an dernier, elle a fait uniquement le championnat de France \u00e0 Sarzeau (<em>support de la derni\u00e8re manche, ndlr<\/em>). Elle n\u2019a pas souhait\u00e9 reprendre avant cette ann\u00e9e. Elle avait pourtant de fortes sollicitations, notamment de son sponsor cycle. Mais elle a fait le choix, que nous partageons compl\u00e8tement, de se pr\u00e9parer le mieux possible, de ne pas prendre de risque inutile et surtout de regagner en confiance, parce qu\u2019elle a \u00e9t\u00e9 (<em>longtemps<\/em>) bless\u00e9e, qu\u2019elle est tomb\u00e9e \u00e0 de multiples reprises.<\/p>\n<p><strong>Pensez-vous qu&rsquo;elle puisse renouer avec la victoire \u00e0 Tr\u00e9gueux?\u00a0\u00a0<\/strong><\/p>\n<p>Bien s\u00fbr, elle a tr\u00e8s envie de rouler et de montrer qu\u2019elle retrouve\u00a0son meilleur niveau. Elle s\u2019est entra\u00een\u00e9e progressivement, physiquement, techniquement et\u00a0psychologiquement, pour faire dispara\u00eetre ses mauvaises pens\u00e9es, apr\u00e8s ses chutes \u00e0 r\u00e9p\u00e9tition. Elle a fait ce travail \u00e9norme, y a consacr\u00e9 du temps. Elle n\u2019a pas fait de comp\u00e9tition pendant longtemps, \u00e7a lui manque \u00e9norm\u00e9ment. Donc, je suis s\u00fbr qu\u2019elle aura \u00e0 c\u0153ur de montrer qu\u2019elle est en train de revenir \u00e0 100%. \u00bb<\/p>\n<\/div>\n<\/div>\n<div class=\"p402_premium\">\n<div class=\"texte entry-content\">\n<p><em><strong>Rapha\u00ebl Rochette<\/strong><\/em><\/p>\n<\/div>\n<\/div>\n","protected":false},"excerpt":{"rendered":"<p>L&rsquo;\u00e9quipe de DN1 du Lempdes BMX Auvergne se d\u00e9place \u00e0 Tr\u00e9gueux en Bretagne, ce week-end (23 et 24 mars), avec l&rsquo;objectif de s&rsquo;installer en t\u00eate de la Coupe de France, afin de ramener une deuxi\u00e8me fois le pr\u00e9cieux troph\u00e9e \u00e0 Lempdes, apr\u00e8s son titre en 2017. En Bretagne, ces samedi 23 et dimanche 24 mars,\u00a0le\u00a0Lempdes [&hellip;]<\/p>\n","protected":false},"author":1,"featured_media":0,"comment_status":"open","ping_status":"closed","sticky":false,"template":"","format":"standard","meta":[],"categories":[1],"tags":[],"_links":{"self":[{"href":"http:\/\/www.lempdes-bmx.com\/DN_1\/index.php?rest_route=\/wp\/v2\/posts\/1825"}],"collection":[{"href":"http:\/\/www.lempdes-bmx.com\/DN_1\/index.php?rest_route=\/wp\/v2\/posts"}],"about":[{"href":"http:\/\/www.lempdes-bmx.com\/DN_1\/index.php?rest_route=\/wp\/v2\/types\/post"}],"author":[{"embeddable":true,"href":"http:\/\/www.lempdes-bmx.com\/DN_1\/index.php?rest_route=\/wp\/v2\/users\/1"}],"replies":[{"embeddable":true,"href":"http:\/\/www.lempdes-bmx.com\/DN_1\/index.php?rest_route=%2Fwp%2Fv2%2Fcomments&post=1825"}],"version-history":[{"count":7,"href":"http:\/\/www.lempdes-bmx.com\/DN_1\/index.php?rest_route=\/wp\/v2\/posts\/1825\/revisions"}],"predecessor-version":[{"id":1832,"href":"http:\/\/www.lempdes-bmx.com\/DN_1\/index.php?rest_route=\/wp\/v2\/posts\/1825\/revisions\/1832"}],"wp:attachment":[{"href":"http:\/\/www.lempdes-bmx.com\/DN_1\/index.php?rest_route=%2Fwp%2Fv2%2Fmedia&parent=1825"}],"wp:term":[{"taxonomy":"category","embeddable":true,"href":"http:\/\/www.lempdes-bmx.com\/DN_1\/index.php?rest_route=%2Fwp%2Fv2%2Fcategories&post=1825"},{"taxonomy":"post_tag","embeddable":true,"href":"http:\/\/www.lempdes-bmx.com\/DN_1\/index.php?rest_route=%2Fwp%2Fv2%2Ftags&post=1825"}],"curies":[{"name":"wp","href":"https:\/\/api.w.org\/{rel}","templated":true}]}}