{"id":1855,"date":"2019-04-03T14:08:16","date_gmt":"2019-04-03T13:08:16","guid":{"rendered":"http:\/\/www.lempdes-bmx.com\/DN_1\/?p=1855"},"modified":"2019-04-03T14:11:37","modified_gmt":"2019-04-03T13:11:37","slug":"coupe-deurope-a-verone","status":"publish","type":"post","link":"http:\/\/www.lempdes-bmx.com\/DN_1\/?p=1855","title":{"rendered":"Coupe d&rsquo;Europe \u00e0 V\u00e9rone"},"content":{"rendered":"<p><a href=\"http:\/\/www.lempdes-bmx.com\/DN_1\/?attachment_id=1858\" rel=\"attachment wp-att-1858\"><img decoding=\"async\" loading=\"lazy\" class=\" wp-image-1858 alignleft\" src=\"http:\/\/www.lempdes-bmx.com\/DN_1\/wp-content\/uploads\/2019\/04\/IMG_1968.jpg\" alt=\"\" width=\"267\" height=\"201\" srcset=\"http:\/\/www.lempdes-bmx.com\/DN_1\/wp-content\/uploads\/2019\/04\/IMG_1968.jpg 640w, http:\/\/www.lempdes-bmx.com\/DN_1\/wp-content\/uploads\/2019\/04\/IMG_1968-300x225.jpg 300w\" sizes=\"(max-width: 267px) 100vw, 267px\" \/><\/a><\/p>\n<p>Pour la premi\u00e8re fois, Lempdes a inscrit cette saison un\u00a0Team \u00e0 l&rsquo;UEC. C&rsquo;est donc sous la d\u00e9nomination \u00ab\u00a0Lempdes BMX Auvergne\u00a0\u00bb que l&rsquo;\u00e9quipe roulera pour\u00a0le classement europ\u00e9en par \u00e9quipe. La composition est la m\u00eame que pour l&rsquo;Equipe DN1 qui dispute en parall\u00e8le le Championnat fran\u00e7ais.<\/p>\n<p>Mais bien entendu, l&rsquo;objectif premier sera de\u00a0briller \u00e0 titre individuel&#8230;et nos pilotes ne s&rsquo;en sont pas priv\u00e9s \u00e0 V\u00e9rone !<\/p>\n<p><strong>Samedi 30 mars :\u00a0Bons r\u00e9sultats d&rsquo;ensemble<\/strong><\/p>\n<p>Nos pilotes prennent leurs marques et apr\u00e8s de bons tours, ils passent tous les phases qualificatives. A noter le forfait de Tristan Tournebize, bless\u00e9 lors de son dernier entra\u00eenement.<\/p>\n<p>Romain Racine et Romain Mayet, doivent stopper la comp\u00e9tition en 1\/8, et Thomas Jouve en 1\/4. Romain Mahieu et J\u00e9r\u00e9my Rencurel acc\u00e8dent quant \u00e0 eux en 1\/2 finale, mais\u00a0ne parviennent pas en finale. J\u00e9r\u00e9my chute, et Romain\u00a0ne parvient pas \u00e0 s&rsquo;extraire du groupe.<\/p>\n<p>Nos pilotes n&rsquo;ont cependant pas d\u00e9m\u00e9rit\u00e9 car 3 sur 5 \u00e9taient encore en lice dans le dernier carr\u00e9 (soit les 32 meilleurs europ\u00e9ens), un r\u00e9sultat tr\u00e8s encourageant.<\/p>\n<p>Le niveau europ\u00e9en est cette saison particuli\u00e8rement relev\u00e9. Plus de 100 Elites Hommes \u00e9taient inscrits sur cette comp\u00e9tition. Toutes les nations sont \u00e0 l&rsquo;aff\u00fbt pour glaner les pr\u00e9cieux points qualificatifs pour les Jeux Olympiques. Et \u00e0 ce jeu, les Anglais, les Suisses et surtout les Hollandais auront \u00e9t\u00e9 plus forts que les Fran\u00e7ais puisqu&rsquo;aucun Elite Homme ne parviendra en finale lors de cette premi\u00e8re journ\u00e9e.<\/p>\n<p><strong>Dimanche 31 mars :\u00a03 pilotes en 1\/2 finale, J\u00e9r\u00e9my Rencurel\u00a0 sur le Podium !<\/strong><\/p>\n<p>La 2\u00e8me journ\u00e9e a \u00e9t\u00e9 encore meilleure que la veille pour les Lempdais, puisque ce sont\u00a03 de nos pilotes qui acc\u00e8dent au 1\/2 finales (les 16 meilleurs). Et c&rsquo;est sur le fil que Romain Mahieu est malheureusement \u00e9limin\u00e9 en 1\/4 de finale.<\/p>\n<p>Romain Racine, tr\u00e8s en forme, atteint le stade des 1\/2 finale, apr\u00e8s des tours magnifiques et notamment une victoire en 1\/8. Thomas Jouve \u00ab\u00a0se faufile\u00a0\u00bb \u00e9galement \u00e0 ce stade de la comp\u00e9tition.<\/p>\n<p>Le h\u00e9ros du jour sera\u00a0cependant J\u00e9r\u00e9my Rencurel, qui, au terme d&rsquo;une course quasi-parfaite,\u00a0monte sur\u00a0la 3\u00e8me marche du podium.\u00a0A noter qu&rsquo;il devance de ce fait le Champion du Monde en titre Sylvain Andr\u00e9, pourtant en grande forme lui aussi.<\/p>\n<p><a href=\"http:\/\/www.lempdes-bmx.com\/DN_1\/?attachment_id=1861\" rel=\"attachment wp-att-1861\"><img decoding=\"async\" loading=\"lazy\" class=\"alignleft wp-image-1861 \" style=\"direction: rtl;\" src=\"http:\/\/www.lempdes-bmx.com\/DN_1\/wp-content\/uploads\/2019\/04\/IMG_7662-e1554296796997.jpg\" alt=\"\" width=\"244\" height=\"326\" srcset=\"http:\/\/www.lempdes-bmx.com\/DN_1\/wp-content\/uploads\/2019\/04\/IMG_7662-e1554296796997.jpg 480w, http:\/\/www.lempdes-bmx.com\/DN_1\/wp-content\/uploads\/2019\/04\/IMG_7662-e1554296796997-225x300.jpg 225w\" sizes=\"(max-width: 244px) 100vw, 244px\" \/><\/a><\/p>\n<p>&nbsp;<\/p>\n<table class=\"row\" width=\"100%\" cellspacing=\"0\" cellpadding=\"0\">\n<tbody>\n<tr>\n<td class=\"wrapper last\" valign=\"top\">\n<table class=\"twelve columns\" width=\"100%\" cellspacing=\"0\" cellpadding=\"0\">\n<tbody>\n<tr>\n<td class=\"text\" valign=\"top\"><a href=\"http:\/\/www.lempdes-bmx.com\/DN_1\/?attachment_id=1859\" rel=\"attachment wp-att-1859\"><img decoding=\"async\" loading=\"lazy\" class=\"alignleft wp-image-1859\" src=\"http:\/\/www.lempdes-bmx.com\/DN_1\/wp-content\/uploads\/2019\/04\/IMG_7664-e1554296863377.jpg\" alt=\"\" width=\"241\" height=\"321\" srcset=\"http:\/\/www.lempdes-bmx.com\/DN_1\/wp-content\/uploads\/2019\/04\/IMG_7664-e1554296863377.jpg 480w, http:\/\/www.lempdes-bmx.com\/DN_1\/wp-content\/uploads\/2019\/04\/IMG_7664-e1554296863377-225x300.jpg 225w\" sizes=\"(max-width: 241px) 100vw, 241px\" \/><\/a><\/td>\n<\/tr>\n<\/tbody>\n<\/table>\n<\/td>\n<\/tr>\n<\/tbody>\n<\/table>\n<p><strong>Prochain Rendez-Vous avec l&rsquo;Equipe au complet (sauf Marion) pour les 2\u00e8me et 3\u00e8me Manches de la Coupe de France \u00e0 Pernes les Fontaines (Vaucluse), les 13 et 14 Avril.<\/strong><\/p>\n<table class=\"row\" width=\"100%\" cellspacing=\"0\" cellpadding=\"0\">\n<tbody>\n<tr>\n<td class=\"wrapper last\" valign=\"top\"><\/td>\n<\/tr>\n<\/tbody>\n<\/table>\n","protected":false},"excerpt":{"rendered":"<p>Pour la premi\u00e8re fois, Lempdes a inscrit cette saison un\u00a0Team \u00e0 l&rsquo;UEC. C&rsquo;est donc sous la d\u00e9nomination \u00ab\u00a0Lempdes BMX Auvergne\u00a0\u00bb que l&rsquo;\u00e9quipe roulera pour\u00a0le classement europ\u00e9en par \u00e9quipe. La composition est la m\u00eame que pour l&rsquo;Equipe DN1 qui dispute en parall\u00e8le le Championnat fran\u00e7ais. Mais bien entendu, l&rsquo;objectif premier sera de\u00a0briller \u00e0 titre individuel&#8230;et nos [&hellip;]<\/p>\n","protected":false},"author":1,"featured_media":0,"comment_status":"open","ping_status":"closed","sticky":false,"template":"","format":"standard","meta":[],"categories":[1],"tags":[],"_links":{"self":[{"href":"http:\/\/www.lempdes-bmx.com\/DN_1\/index.php?rest_route=\/wp\/v2\/posts\/1855"}],"collection":[{"href":"http:\/\/www.lempdes-bmx.com\/DN_1\/index.php?rest_route=\/wp\/v2\/posts"}],"about":[{"href":"http:\/\/www.lempdes-bmx.com\/DN_1\/index.php?rest_route=\/wp\/v2\/types\/post"}],"author":[{"embeddable":true,"href":"http:\/\/www.lempdes-bmx.com\/DN_1\/index.php?rest_route=\/wp\/v2\/users\/1"}],"replies":[{"embeddable":true,"href":"http:\/\/www.lempdes-bmx.com\/DN_1\/index.php?rest_route=%2Fwp%2Fv2%2Fcomments&post=1855"}],"version-history":[{"count":10,"href":"http:\/\/www.lempdes-bmx.com\/DN_1\/index.php?rest_route=\/wp\/v2\/posts\/1855\/revisions"}],"predecessor-version":[{"id":1864,"href":"http:\/\/www.lempdes-bmx.com\/DN_1\/index.php?rest_route=\/wp\/v2\/posts\/1855\/revisions\/1864"}],"wp:attachment":[{"href":"http:\/\/www.lempdes-bmx.com\/DN_1\/index.php?rest_route=%2Fwp%2Fv2%2Fmedia&parent=1855"}],"wp:term":[{"taxonomy":"category","embeddable":true,"href":"http:\/\/www.lempdes-bmx.com\/DN_1\/index.php?rest_route=%2Fwp%2Fv2%2Fcategories&post=1855"},{"taxonomy":"post_tag","embeddable":true,"href":"http:\/\/www.lempdes-bmx.com\/DN_1\/index.php?rest_route=%2Fwp%2Fv2%2Ftags&post=1855"}],"curies":[{"name":"wp","href":"https:\/\/api.w.org\/{rel}","templated":true}]}}