{"id":269,"date":"2012-02-20T19:01:59","date_gmt":"2012-02-20T18:01:59","guid":{"rendered":"http:\/\/www.lempdes-bmx.com\/DN_1\/?p=269"},"modified":"2012-02-20T19:01:59","modified_gmt":"2012-02-20T18:01:59","slug":"premier-podium-pour-la-dn","status":"publish","type":"post","link":"http:\/\/www.lempdes-bmx.com\/DN_1\/?p=269","title":{"rendered":"Premier podium pour la DN"},"content":{"rendered":"<p>Julien Godet a particip\u00e9 ce dimanche \u00e0 une manche de la Coupe Rh\u00f4ne-Alpes, \u00e0 Mont\u00e9limar. Apr\u00e8s avoir \u00e9t\u00e9 en t\u00eate durant une bonne partie de la course, il termine 2\u00e8me, derri\u00e8re le St\u00e9phanois Julian Perrier qui le \u00ab\u00a0grille\u00a0\u00bb sur la ligne.<\/p>\n<p>Cela fait plaisir de voir la superbe tenue de la DN 2012 aux avant-postes !!!<\/p>\n<p><a href=\"http:\/\/www.lempdes-bmx.com\/DN_1\/wp-content\/uploads\/2012\/02\/B2D_1826.jpg\"><img decoding=\"async\" loading=\"lazy\" class=\"aligncenter size-full wp-image-270\" title=\"B2D_1826\" src=\"http:\/\/www.lempdes-bmx.com\/DN_1\/wp-content\/uploads\/2012\/02\/B2D_1826.jpg\" alt=\"\" width=\"498\" height=\"750\" srcset=\"http:\/\/www.lempdes-bmx.com\/DN_1\/wp-content\/uploads\/2012\/02\/B2D_1826.jpg 498w, http:\/\/www.lempdes-bmx.com\/DN_1\/wp-content\/uploads\/2012\/02\/B2D_1826-199x300.jpg 199w\" sizes=\"(max-width: 498px) 100vw, 498px\" \/><\/a><\/p>\n<p>&nbsp;<\/p>\n","protected":false},"excerpt":{"rendered":"<p>Julien Godet a particip\u00e9 ce dimanche \u00e0 une manche de la Coupe Rh\u00f4ne-Alpes, \u00e0 Mont\u00e9limar. Apr\u00e8s avoir \u00e9t\u00e9 en t\u00eate durant une bonne partie de la course, il termine 2\u00e8me, derri\u00e8re le St\u00e9phanois Julian Perrier qui le \u00ab\u00a0grille\u00a0\u00bb sur la ligne. Cela fait plaisir de voir la superbe tenue de la DN 2012 aux avant-postes [&hellip;]<\/p>\n","protected":false},"author":1,"featured_media":0,"comment_status":"open","ping_status":"closed","sticky":false,"template":"","format":"standard","meta":[],"categories":[1],"tags":[],"_links":{"self":[{"href":"http:\/\/www.lempdes-bmx.com\/DN_1\/index.php?rest_route=\/wp\/v2\/posts\/269"}],"collection":[{"href":"http:\/\/www.lempdes-bmx.com\/DN_1\/index.php?rest_route=\/wp\/v2\/posts"}],"about":[{"href":"http:\/\/www.lempdes-bmx.com\/DN_1\/index.php?rest_route=\/wp\/v2\/types\/post"}],"author":[{"embeddable":true,"href":"http:\/\/www.lempdes-bmx.com\/DN_1\/index.php?rest_route=\/wp\/v2\/users\/1"}],"replies":[{"embeddable":true,"href":"http:\/\/www.lempdes-bmx.com\/DN_1\/index.php?rest_route=%2Fwp%2Fv2%2Fcomments&post=269"}],"version-history":[{"count":1,"href":"http:\/\/www.lempdes-bmx.com\/DN_1\/index.php?rest_route=\/wp\/v2\/posts\/269\/revisions"}],"predecessor-version":[{"id":271,"href":"http:\/\/www.lempdes-bmx.com\/DN_1\/index.php?rest_route=\/wp\/v2\/posts\/269\/revisions\/271"}],"wp:attachment":[{"href":"http:\/\/www.lempdes-bmx.com\/DN_1\/index.php?rest_route=%2Fwp%2Fv2%2Fmedia&parent=269"}],"wp:term":[{"taxonomy":"category","embeddable":true,"href":"http:\/\/www.lempdes-bmx.com\/DN_1\/index.php?rest_route=%2Fwp%2Fv2%2Fcategories&post=269"},{"taxonomy":"post_tag","embeddable":true,"href":"http:\/\/www.lempdes-bmx.com\/DN_1\/index.php?rest_route=%2Fwp%2Fv2%2Ftags&post=269"}],"curies":[{"name":"wp","href":"https:\/\/api.w.org\/{rel}","templated":true}]}}