{"id":1526,"date":"2017-05-03T16:03:07","date_gmt":"2017-05-03T15:03:07","guid":{"rendered":"http:\/\/www.lempdes-bmx.com\/DN_1\/?p=1526"},"modified":"2017-05-03T16:07:23","modified_gmt":"2017-05-03T15:07:23","slug":"toujours-en-tete-malgre-la-malchance","status":"publish","type":"post","link":"https:\/\/www.lempdes-bmx.com\/DN_1\/?p=1526","title":{"rendered":"Toujours en t\u00eate malgr\u00e9 la malchance"},"content":{"rendered":"<p>Le week-end avait bien commenc\u00e9 avec la d\u00e9couverte d&rsquo;un charmant coin de Bretagne inond\u00e9 de soleil le samedi.<\/p>\n<p>H\u00e9las, une pluie battante a perturb\u00e9 le d\u00e9roulement de l&rsquo;\u00e9preuve du dimanche, rendant la piste dangereuse par endroit.<\/p>\n<p>De nombreuses chutes ont entach\u00e9 la comp\u00e9tition, et l&rsquo;\u00e9quipe auvergnate n&rsquo;a pas \u00e9t\u00e9 \u00e9pargn\u00e9e.<\/p>\n<p>La DN1 du Lempdes BMX conserve cependant la t\u00eate du classement provisoire malgr\u00e9 un week-end o\u00f9 elle a jou\u00e9 de malchance.<\/p>\n<p>Fabien Gourc rejoint Axelle Etienne \u00e0 l&rsquo;infirmerie avec une fracture de la clavicule, Benjamin Gal revient avec 4 points de suture \u00e0 la hanche, Tristan Tournebize devrait \u00eatre sur pied pour la Coupe du Monde de Papendal se week-end malgr\u00e9 un gros h\u00e9matome \u00e0 la cuisse&#8230;<\/p>\n<p>Lo\u00efc Garaud, Melvin Seer et Romain Racine, qui ont chut\u00e9 \u00e9galement, s&rsquo;en tirent avec seulement des \u00e9gratignures.<\/p>\n<p>Heureusement, ceux qui ont pu rester sur leur BMX ont tous \u00e9t\u00e9 en finale !<\/p>\n<p>J\u00e9r\u00e9my est en finale le samedi, mais doit se contenter d&rsquo;une 8\u00e8me place suite \u00e0 des incidents de course.<\/p>\n<p>Marine entre en finale les 2 jours. A la suite d&rsquo;une belle remont\u00e9e, elle termine au pied du Podium le dimanche.<\/p>\n<p>L&rsquo;\u00e9quipe termine toutefois ce week-end en beaut\u00e9 avec une superbe victoire pour Romain Mahieu.<\/p>\n<p><a href=\"http:\/\/www.lempdes-bmx.com\/DN_1\/?attachment_id=1527\" rel=\"attachment wp-att-1527\"><img decoding=\"async\" loading=\"lazy\" class=\"alignleft wp-image-1527 \" src=\"http:\/\/www.lempdes-bmx.com\/DN_1\/wp-content\/uploads\/2017\/05\/IMG_6444-300x225.jpg\" alt=\"\" width=\"413\" height=\"310\" srcset=\"https:\/\/www.lempdes-bmx.com\/DN_1\/wp-content\/uploads\/2017\/05\/IMG_6444-300x225.jpg 300w, https:\/\/www.lempdes-bmx.com\/DN_1\/wp-content\/uploads\/2017\/05\/IMG_6444-768x576.jpg 768w, https:\/\/www.lempdes-bmx.com\/DN_1\/wp-content\/uploads\/2017\/05\/IMG_6444-1024x768.jpg 1024w, https:\/\/www.lempdes-bmx.com\/DN_1\/wp-content\/uploads\/2017\/05\/IMG_6444.jpg 1600w\" sizes=\"(max-width: 413px) 100vw, 413px\" \/><\/a><\/p>\n<p>&nbsp;<\/p>\n<p>&nbsp;<\/p>\n<p>&nbsp;<\/p>\n<p>&nbsp;<\/p>\n<p>&nbsp;<\/p>\n<p>&nbsp;<\/p>\n<p>&nbsp;<\/p>\n<p>&nbsp;<\/p>\n<p>&nbsp;<\/p>\n<p>Les concurrents se font pressants, mais l&rsquo;\u00e9quipe devrait \u00eatre renforc\u00e9e par la pr\u00e9sence d&rsquo;Axelle lors de la prochaine \u00e9preuve, \u00e0 Mours, dans la Dr\u00f4me. Elle vient en effet de reprendre l&rsquo;entra\u00eenement et nous ne doutons pas qu&rsquo;elle mettra tout en oeuvre pour soutenir l&rsquo;\u00e9quipe.<\/p>\n","protected":false},"excerpt":{"rendered":"<p>Le week-end avait bien commenc\u00e9 avec la d\u00e9couverte d&rsquo;un charmant coin de Bretagne inond\u00e9 de soleil le samedi. H\u00e9las, une pluie battante a perturb\u00e9 le d\u00e9roulement de l&rsquo;\u00e9preuve du dimanche, rendant la piste dangereuse par endroit. De nombreuses chutes ont entach\u00e9 la comp\u00e9tition, et l&rsquo;\u00e9quipe auvergnate n&rsquo;a pas \u00e9t\u00e9 \u00e9pargn\u00e9e. La DN1 du Lempdes BMX [&hellip;]<\/p>\n","protected":false},"author":1,"featured_media":0,"comment_status":"open","ping_status":"closed","sticky":false,"template":"","format":"standard","meta":[],"categories":[1],"tags":[],"_links":{"self":[{"href":"https:\/\/www.lempdes-bmx.com\/DN_1\/index.php?rest_route=\/wp\/v2\/posts\/1526"}],"collection":[{"href":"https:\/\/www.lempdes-bmx.com\/DN_1\/index.php?rest_route=\/wp\/v2\/posts"}],"about":[{"href":"https:\/\/www.lempdes-bmx.com\/DN_1\/index.php?rest_route=\/wp\/v2\/types\/post"}],"author":[{"embeddable":true,"href":"https:\/\/www.lempdes-bmx.com\/DN_1\/index.php?rest_route=\/wp\/v2\/users\/1"}],"replies":[{"embeddable":true,"href":"https:\/\/www.lempdes-bmx.com\/DN_1\/index.php?rest_route=%2Fwp%2Fv2%2Fcomments&post=1526"}],"version-history":[{"count":4,"href":"https:\/\/www.lempdes-bmx.com\/DN_1\/index.php?rest_route=\/wp\/v2\/posts\/1526\/revisions"}],"predecessor-version":[{"id":1532,"href":"https:\/\/www.lempdes-bmx.com\/DN_1\/index.php?rest_route=\/wp\/v2\/posts\/1526\/revisions\/1532"}],"wp:attachment":[{"href":"https:\/\/www.lempdes-bmx.com\/DN_1\/index.php?rest_route=%2Fwp%2Fv2%2Fmedia&parent=1526"}],"wp:term":[{"taxonomy":"category","embeddable":true,"href":"https:\/\/www.lempdes-bmx.com\/DN_1\/index.php?rest_route=%2Fwp%2Fv2%2Fcategories&post=1526"},{"taxonomy":"post_tag","embeddable":true,"href":"https:\/\/www.lempdes-bmx.com\/DN_1\/index.php?rest_route=%2Fwp%2Fv2%2Ftags&post=1526"}],"curies":[{"name":"wp","href":"https:\/\/api.w.org\/{rel}","templated":true}]}}