{"id":1534,"date":"2017-05-09T13:34:49","date_gmt":"2017-05-09T12:34:49","guid":{"rendered":"http:\/\/www.lempdes-bmx.com\/DN_1\/?p=1534"},"modified":"2017-05-09T13:34:49","modified_gmt":"2017-05-09T12:34:49","slug":"coupe-du-monde-romain-mahieu-et-jeremy-rencurel-au-plus-haut-niveau","status":"publish","type":"post","link":"https:\/\/www.lempdes-bmx.com\/DN_1\/?p=1534","title":{"rendered":"Coupe du Monde  : Romain Mahieu et J\u00e9r\u00e9my Rencurel au plus haut niveau"},"content":{"rendered":"<p>Une partie de l&rsquo;Equipe DN1 \u00e9tait en d\u00e9placement \u00e0 Papendal (Pays-Bas), pour les 2 premi\u00e8res manches de la Coupe du Monde.<\/p>\n<p>Melvin Seer, n\u00e9ophyte sur ce format de piste, ne parvient pas \u00e0 se qualifier pour les tours suivants.<\/p>\n<p>Romain Racine et Tristan Tournebize y parviennent assez ais\u00e9ment, mais sont stopp\u00e9s en 1\/8 \u00e8me de finale.<\/p>\n<p>J\u00e9r\u00e9my rencurel, tr\u00e8s en forme et particuli\u00e8rement \u00e0 l&rsquo;aise sur son nouveau prototype INSPIRE atteint les 1\/2 finales les 2 jours.<\/p>\n<p><a href=\"http:\/\/www.lempdes-bmx.com\/DN_1\/?attachment_id=1537\" rel=\"attachment wp-att-1537\"><img decoding=\"async\" loading=\"lazy\" class=\"alignleft size-medium wp-image-1537\" src=\"http:\/\/www.lempdes-bmx.com\/DN_1\/wp-content\/uploads\/2017\/05\/18238485_639270322944797_2757667673965147588_o-300x198.jpg\" alt=\"\" width=\"300\" height=\"198\" srcset=\"https:\/\/www.lempdes-bmx.com\/DN_1\/wp-content\/uploads\/2017\/05\/18238485_639270322944797_2757667673965147588_o-300x198.jpg 300w, https:\/\/www.lempdes-bmx.com\/DN_1\/wp-content\/uploads\/2017\/05\/18238485_639270322944797_2757667673965147588_o-768x507.jpg 768w, https:\/\/www.lempdes-bmx.com\/DN_1\/wp-content\/uploads\/2017\/05\/18238485_639270322944797_2757667673965147588_o-1024x676.jpg 1024w, https:\/\/www.lempdes-bmx.com\/DN_1\/wp-content\/uploads\/2017\/05\/18238485_639270322944797_2757667673965147588_o.jpg 1080w\" sizes=\"(max-width: 300px) 100vw, 300px\" \/><\/a><\/p>\n<p>&nbsp;<\/p>\n<p>&nbsp;<\/p>\n<p>&nbsp;<\/p>\n<p>&nbsp;<\/p>\n<p>&nbsp;<\/p>\n<p>Et l&rsquo;exploit du week-end revient une fois encore \u00e0 Romain Mahieu qui acc\u00e8de \u00e0 la finale le dimanche et termine 6\u00e8me.<\/p>\n<p><a href=\"http:\/\/www.lempdes-bmx.com\/DN_1\/?attachment_id=1538\" rel=\"attachment wp-att-1538\"><img decoding=\"async\" loading=\"lazy\" class=\"alignleft size-medium wp-image-1538\" src=\"http:\/\/www.lempdes-bmx.com\/DN_1\/wp-content\/uploads\/2017\/05\/18423716_1333809846667289_2993516250530518711_n-300x199.jpg\" alt=\"\" width=\"300\" height=\"199\" srcset=\"https:\/\/www.lempdes-bmx.com\/DN_1\/wp-content\/uploads\/2017\/05\/18423716_1333809846667289_2993516250530518711_n-300x199.jpg 300w, https:\/\/www.lempdes-bmx.com\/DN_1\/wp-content\/uploads\/2017\/05\/18423716_1333809846667289_2993516250530518711_n-768x510.jpg 768w, https:\/\/www.lempdes-bmx.com\/DN_1\/wp-content\/uploads\/2017\/05\/18423716_1333809846667289_2993516250530518711_n.jpg 960w\" sizes=\"(max-width: 300px) 100vw, 300px\" \/><\/a><\/p>\n<p>&nbsp;<\/p>\n<p>&nbsp;<\/p>\n<p>&nbsp;<\/p>\n<p>&nbsp;<\/p>\n<p>&nbsp;<\/p>\n<p>Prochain rendez-vous pour ces pilotes le week-end prochain \u00e0 Zolder pour les 3\u00e8me et 4\u00e8me Manches de la Coupe du Monde.<\/p>\n","protected":false},"excerpt":{"rendered":"<p>Une partie de l&rsquo;Equipe DN1 \u00e9tait en d\u00e9placement \u00e0 Papendal (Pays-Bas), pour les 2 premi\u00e8res manches de la Coupe du Monde. Melvin Seer, n\u00e9ophyte sur ce format de piste, ne parvient pas \u00e0 se qualifier pour les tours suivants. Romain Racine et Tristan Tournebize y parviennent assez ais\u00e9ment, mais sont stopp\u00e9s en 1\/8 \u00e8me de [&hellip;]<\/p>\n","protected":false},"author":1,"featured_media":0,"comment_status":"open","ping_status":"closed","sticky":false,"template":"","format":"standard","meta":[],"categories":[1],"tags":[],"_links":{"self":[{"href":"https:\/\/www.lempdes-bmx.com\/DN_1\/index.php?rest_route=\/wp\/v2\/posts\/1534"}],"collection":[{"href":"https:\/\/www.lempdes-bmx.com\/DN_1\/index.php?rest_route=\/wp\/v2\/posts"}],"about":[{"href":"https:\/\/www.lempdes-bmx.com\/DN_1\/index.php?rest_route=\/wp\/v2\/types\/post"}],"author":[{"embeddable":true,"href":"https:\/\/www.lempdes-bmx.com\/DN_1\/index.php?rest_route=\/wp\/v2\/users\/1"}],"replies":[{"embeddable":true,"href":"https:\/\/www.lempdes-bmx.com\/DN_1\/index.php?rest_route=%2Fwp%2Fv2%2Fcomments&post=1534"}],"version-history":[{"count":1,"href":"https:\/\/www.lempdes-bmx.com\/DN_1\/index.php?rest_route=\/wp\/v2\/posts\/1534\/revisions"}],"predecessor-version":[{"id":1539,"href":"https:\/\/www.lempdes-bmx.com\/DN_1\/index.php?rest_route=\/wp\/v2\/posts\/1534\/revisions\/1539"}],"wp:attachment":[{"href":"https:\/\/www.lempdes-bmx.com\/DN_1\/index.php?rest_route=%2Fwp%2Fv2%2Fmedia&parent=1534"}],"wp:term":[{"taxonomy":"category","embeddable":true,"href":"https:\/\/www.lempdes-bmx.com\/DN_1\/index.php?rest_route=%2Fwp%2Fv2%2Fcategories&post=1534"},{"taxonomy":"post_tag","embeddable":true,"href":"https:\/\/www.lempdes-bmx.com\/DN_1\/index.php?rest_route=%2Fwp%2Fv2%2Ftags&post=1534"}],"curies":[{"name":"wp","href":"https:\/\/api.w.org\/{rel}","templated":true}]}}